{"id":2082,"date":"2025-09-17T09:00:00","date_gmt":"2025-09-17T12:00:00","guid":{"rendered":"https:\/\/carmelhoteis.com.br\/blog\/?p=2082"},"modified":"2025-09-12T17:50:58","modified_gmt":"2025-09-12T20:50:58","slug":"turismo-sustentavel-esg-como-pilar-da-rede-carmel-hoteis","status":"publish","type":"post","link":"https:\/\/carmelhoteis.com.br\/blog\/turismo-sustentavel-esg-como-pilar-da-rede-carmel-hoteis\/","title":{"rendered":"Turismo sustent\u00e1vel: ESG como pilar da Rede Carmel Hot\u00e9is"},"content":{"rendered":"\n<p>Viajar, hoje, \u00e9 tamb\u00e9m um ato de consci\u00eancia. Cada vez mais, os viajantes buscam destinos que ofere\u00e7am n\u00e3o apenas conforto e experi\u00eancias memor\u00e1veis, mas que tamb\u00e9m estejam comprometidos com a preserva\u00e7\u00e3o do meio ambiente, o respeito \u00e0s comunidades locais e a ado\u00e7\u00e3o de pr\u00e1ticas respons\u00e1veis que consolidam o Turismo Sustent\u00e1vel.\u00a0<\/p>\n\n\n\n<p>Nesse cen\u00e1rio, a agenda ESG deixa de ser tend\u00eancia para se consolidar como um pilar essencial da hospitalidade, refletindo um novo olhar sobre o turismo: o de que \u00e9 poss\u00edvel proporcionar e viver momentos \u00fanicos enquanto se contribui para um futuro mais sustent\u00e1vel.<\/p>\n\n\n\n<p>Nesse movimento, as empresas assumem um papel fundamental: promover pr\u00e1ticas que minimizem impactos, incentivem a economia local e inspirem um setor de turismo mais consciente e transformador. Mais do que atender \u00e0s expectativas de viajantes atentos, trata-se de assumir a responsabilidade de cuidar dos destinos que acolhem cada experi\u00eancia.&nbsp;<\/p>\n\n\n\n<p>\u00c9 com esse entendimento que a Rede Carmel Hot\u00e9is integra iniciativas ambientais, sociais e de governan\u00e7a ao seu modo de receber, reafirmando o compromisso de aliar sofistica\u00e7\u00e3o \u00e0 responsabilidade e de transformar cada estada em uma experi\u00eancia genuinamente consciente \u2014 como voc\u00ea poder\u00e1 conhecer ao longo deste post.<\/p>\n\n\n\n<p><\/p>\n\n\n\n<figure class=\"wp-block-image size-large\"><img loading=\"lazy\" decoding=\"async\" width=\"1620\" height=\"1080\" src=\"https:\/\/carmelhoteis.com.br\/blog\/wp-content\/uploads\/2025\/09\/MG_6752-1620x1080.jpg\" alt=\"Mar e coqueiros sendo preservados pelo Turismo Sustent\u00e1vel\" class=\"wp-image-2084\" srcset=\"https:\/\/carmelhoteis.com.br\/blog\/wp-content\/uploads\/2025\/09\/MG_6752-1620x1080.jpg 1620w, https:\/\/carmelhoteis.com.br\/blog\/wp-content\/uploads\/2025\/09\/MG_6752-300x200.jpg 300w, https:\/\/carmelhoteis.com.br\/blog\/wp-content\/uploads\/2025\/09\/MG_6752-768x512.jpg 768w, https:\/\/carmelhoteis.com.br\/blog\/wp-content\/uploads\/2025\/09\/MG_6752-1536x1024.jpg 1536w, https:\/\/carmelhoteis.com.br\/blog\/wp-content\/uploads\/2025\/09\/MG_6752-2048x1365.jpg 2048w\" sizes=\"auto, (max-width: 1620px) 100vw, 1620px\" \/><\/figure>\n\n\n\n<p><\/p>\n\n\n\n<h2 class=\"wp-block-heading\"><strong>Energia solar: o sol como aliado da hospitalidade sustent\u00e1vel<\/strong><\/h2>\n\n\n\n<p><\/p>\n\n\n\n<p>Desde 2019, a Rede Carmel Hot\u00e9is utiliza <strong>23 usinas solares<\/strong> espalhadas por Aquiraz, Fortaleza, Maracana\u00fa e Ta\u00edba, com <strong>2,27 MWp de pot\u00eancia instalada<\/strong>, produzindo energia limpa e renov\u00e1vel que reduz a depend\u00eancia da rede el\u00e9trica convencional.<\/p>\n\n\n\n<p>A energia solar gerada anualmente equivale a <strong>3,3 milh\u00f5es de kWh<\/strong>, evitando a emiss\u00e3o de <strong>277 toneladas de CO2<\/strong>, o que corresponde ao plantio de quase 2 mil \u00e1rvores. Al\u00e9m disso, os resorts mant\u00eam cerca de <strong>750 coqueiros plantados<\/strong>, fortalecendo o v\u00ednculo entre turismo e regenera\u00e7\u00e3o ambiental.<br><\/p>\n\n\n\n<figure class=\"wp-block-image size-large\"><img loading=\"lazy\" decoding=\"async\" width=\"1621\" height=\"1080\" src=\"https:\/\/carmelhoteis.com.br\/blog\/wp-content\/uploads\/2025\/09\/FOTOS-ALVARO-CARMEL-TAIBA-EXCLUSIVE-3-1621x1080.jpg\" alt=\"Uso de energia E\u00f3lica em um resort de luxo que contribui para o Turismo Sustent\u00e1vel\" class=\"wp-image-2085\" srcset=\"https:\/\/carmelhoteis.com.br\/blog\/wp-content\/uploads\/2025\/09\/FOTOS-ALVARO-CARMEL-TAIBA-EXCLUSIVE-3-1621x1080.jpg 1621w, https:\/\/carmelhoteis.com.br\/blog\/wp-content\/uploads\/2025\/09\/FOTOS-ALVARO-CARMEL-TAIBA-EXCLUSIVE-3-300x200.jpg 300w, https:\/\/carmelhoteis.com.br\/blog\/wp-content\/uploads\/2025\/09\/FOTOS-ALVARO-CARMEL-TAIBA-EXCLUSIVE-3-768x512.jpg 768w, https:\/\/carmelhoteis.com.br\/blog\/wp-content\/uploads\/2025\/09\/FOTOS-ALVARO-CARMEL-TAIBA-EXCLUSIVE-3-1536x1023.jpg 1536w, https:\/\/carmelhoteis.com.br\/blog\/wp-content\/uploads\/2025\/09\/FOTOS-ALVARO-CARMEL-TAIBA-EXCLUSIVE-3-2048x1364.jpg 2048w\" sizes=\"auto, (max-width: 1621px) 100vw, 1621px\" \/><\/figure>\n\n\n\n<p><\/p>\n\n\n\n<h2 class=\"wp-block-heading\"><strong>Efici\u00eancia energ\u00e9tica no dia a dia<\/strong><\/h2>\n\n\n\n<p><\/p>\n\n\n\n<p>A Rede Carmel Hot\u00e9is investe em solu\u00e7\u00f5es que reduzem o consumo e otimizam recursos, como ilumina\u00e7\u00e3o LED, sensores de presen\u00e7a e monitoramento di\u00e1rio da efici\u00eancia. Passeios de bicicleta incentivam h\u00e1bitos sustent\u00e1veis entre h\u00f3spedes, enquanto o programa <strong>Colaborar+ Carmel<\/strong> engaja colaboradores na cria\u00e7\u00e3o de novas pr\u00e1ticas ambientais.<\/p>\n\n\n\n<figure class=\"wp-block-image size-large\"><img loading=\"lazy\" decoding=\"async\" width=\"1620\" height=\"1080\" src=\"https:\/\/carmelhoteis.com.br\/blog\/wp-content\/uploads\/2025\/09\/foto-403-1620x1080.jpg\" alt=\"\" class=\"wp-image-2087\" srcset=\"https:\/\/carmelhoteis.com.br\/blog\/wp-content\/uploads\/2025\/09\/foto-403-1620x1080.jpg 1620w, https:\/\/carmelhoteis.com.br\/blog\/wp-content\/uploads\/2025\/09\/foto-403-300x200.jpg 300w, https:\/\/carmelhoteis.com.br\/blog\/wp-content\/uploads\/2025\/09\/foto-403-768x512.jpg 768w, https:\/\/carmelhoteis.com.br\/blog\/wp-content\/uploads\/2025\/09\/foto-403-1536x1024.jpg 1536w, https:\/\/carmelhoteis.com.br\/blog\/wp-content\/uploads\/2025\/09\/foto-403-2048x1365.jpg 2048w\" sizes=\"auto, (max-width: 1620px) 100vw, 1620px\" \/><\/figure>\n\n\n\n<p><\/p>\n\n\n\n<h2 class=\"wp-block-heading\"><strong>Turismo sustent\u00e1vel na efici\u00eancia h\u00eddrica<\/strong><\/h2>\n\n\n\n<p><\/p>\n\n\n\n<p>Em um contexto semi\u00e1rido, a gest\u00e3o da \u00e1gua \u00e9 prioridade. Programas de reuso de toalhas, dispositivos economizadores, irriga\u00e7\u00e3o por gotejamento e inspe\u00e7\u00f5es frequentes garantem economia e preserva\u00e7\u00e3o. Campanhas de conscientiza\u00e7\u00e3o completam as a\u00e7\u00f5es, promovendo o uso respons\u00e1vel desse recurso essencial.<\/p>\n\n\n\n<figure class=\"wp-block-image size-large\"><img loading=\"lazy\" decoding=\"async\" width=\"1620\" height=\"1080\" src=\"https:\/\/carmelhoteis.com.br\/blog\/wp-content\/uploads\/2025\/09\/MG_6732-1620x1080.jpg\" alt=\"\" class=\"wp-image-2089\" srcset=\"https:\/\/carmelhoteis.com.br\/blog\/wp-content\/uploads\/2025\/09\/MG_6732-1620x1080.jpg 1620w, https:\/\/carmelhoteis.com.br\/blog\/wp-content\/uploads\/2025\/09\/MG_6732-300x200.jpg 300w, https:\/\/carmelhoteis.com.br\/blog\/wp-content\/uploads\/2025\/09\/MG_6732-768x512.jpg 768w, https:\/\/carmelhoteis.com.br\/blog\/wp-content\/uploads\/2025\/09\/MG_6732-1536x1024.jpg 1536w, https:\/\/carmelhoteis.com.br\/blog\/wp-content\/uploads\/2025\/09\/MG_6732-2048x1365.jpg 2048w\" sizes=\"auto, (max-width: 1620px) 100vw, 1620px\" \/><\/figure>\n\n\n\n<p><\/p>\n\n\n\n<h2 class=\"wp-block-heading\"><strong>Gest\u00e3o de res\u00edduos \u2013 ODS 12<\/strong><\/h2>\n\n\n\n<p><\/p>\n\n\n\n<p>Mais de dez toneladas de recicl\u00e1veis j\u00e1 foram desviadas de aterros por meio de coleta seletiva e parcerias com catadores locais. Descartes espec\u00edficos, como eletr\u00f4nicos e l\u00e2mpadas, recebem destina\u00e7\u00e3o correta com apoio de ONGs, enquanto amenities em refis e a\u00e7\u00f5es de limpeza de praias \u2014 que j\u00e1 retiraram mais de 605 mil quilos de res\u00edduos \u2014 refor\u00e7am o compromisso com a preserva\u00e7\u00e3o ambiental.<\/p>\n\n\n\n<figure class=\"wp-block-image size-large\"><img loading=\"lazy\" decoding=\"async\" width=\"1920\" height=\"1080\" src=\"https:\/\/carmelhoteis.com.br\/blog\/wp-content\/uploads\/2025\/09\/CARMEL-HOTEIS-LIMPEZA-DE-PRAIA-1-2-1920x1080.jpeg\" alt=\"\" class=\"wp-image-2093\" srcset=\"https:\/\/carmelhoteis.com.br\/blog\/wp-content\/uploads\/2025\/09\/CARMEL-HOTEIS-LIMPEZA-DE-PRAIA-1-2-1920x1080.jpeg 1920w, https:\/\/carmelhoteis.com.br\/blog\/wp-content\/uploads\/2025\/09\/CARMEL-HOTEIS-LIMPEZA-DE-PRAIA-1-2-300x169.jpeg 300w, https:\/\/carmelhoteis.com.br\/blog\/wp-content\/uploads\/2025\/09\/CARMEL-HOTEIS-LIMPEZA-DE-PRAIA-1-2-768x432.jpeg 768w, https:\/\/carmelhoteis.com.br\/blog\/wp-content\/uploads\/2025\/09\/CARMEL-HOTEIS-LIMPEZA-DE-PRAIA-1-2-1536x864.jpeg 1536w, https:\/\/carmelhoteis.com.br\/blog\/wp-content\/uploads\/2025\/09\/CARMEL-HOTEIS-LIMPEZA-DE-PRAIA-1-2-2048x1152.jpeg 2048w\" sizes=\"auto, (max-width: 1920px) 100vw, 1920px\" \/><\/figure>\n\n\n\n<p><\/p>\n\n\n\n<h2 class=\"wp-block-heading\"><strong>Um compromisso que vai al\u00e9m da hospitalidade<\/strong><\/h2>\n\n\n\n<p><\/p>\n\n\n\n<p>Mais do que oferecer experi\u00eancias inesquec\u00edveis \u00e0 beira-mar, a Rede Carmel Hot\u00e9is entende que seu papel no turismo vai al\u00e9m da hospitalidade: \u00e9 tamb\u00e9m o de preservar, educar e transformar.&nbsp;<\/p>\n\n\n\n<p>As pr\u00e1ticas de energia limpa, efici\u00eancia h\u00eddrica, gest\u00e3o de res\u00edduos e inova\u00e7\u00e3o tecnol\u00f3gica revelam um compromisso que une sofistica\u00e7\u00e3o e responsabilidade. Assim, cada estada torna-se n\u00e3o apenas um momento especial para o h\u00f3spede, mas tamb\u00e9m uma contribui\u00e7\u00e3o concreta para um futuro mais sustent\u00e1vel no setor tur\u00edstico.<\/p>\n\n\n\n<p>Confira nosso relat\u00f3rio de pr\u00e1ticas ESG completo <a href=\"https:\/\/drive.google.com\/file\/d\/1-gV6xMAKDf7istlEa6vt1_O0V_wKA5dV\/view\">aqui<\/a><\/p>\n\n\n\n<!--more-->\n\n\n\n<p><a href=\"https:\/\/carmelhoteis.com.br\/blog\/dia-do-meio-ambiente-acoes-que-transformam-a-natureza\/\">Dia do Meio Ambiente: a\u00e7\u00f5es que transformam a natureza<\/a><\/p>\n\n\n\n<p><a href=\"https:\/\/carmelhoteis.com.br\/blog\/dia-mundial-da-agua-a-importancia-da-preservacao-e-o-como-fazer-a-diferenca\/\">Dia Mundial da \u00c1gua: A import\u00e2ncia da preserva\u00e7\u00e3o e o como fazer a diferen\u00e7a<\/a><\/p>\n\n\n\n<p><a href=\"https:\/\/carmelhoteis.com.br\/blog\/turismo-de-bem-estar-como-o-destino-certo-pode-transformar-corpo-e-mente\/\">Turismo de bem-estar: Como o destino certo pode transformar corpo e mente<\/a><\/p>\n","protected":false},"excerpt":{"rendered":"<p>Viajar, hoje, \u00e9 tamb\u00e9m um ato de consci\u00eancia. Cada vez mais, os viajantes buscam destinos que ofere\u00e7am n\u00e3o apenas conforto e experi\u00eancias memor\u00e1veis, mas&#8230;<\/p>\n","protected":false},"author":3,"featured_media":2083,"comment_status":"open","ping_status":"open","sticky":false,"template":"","format":"standard","meta":{"_monsterinsights_skip_tracking":false,"_monsterinsights_sitenote_active":false,"_monsterinsights_sitenote_note":"","_monsterinsights_sitenote_category":0,"footnotes":""},"categories":[64],"tags":[44,70,89,107,108],"class_list":["post-2082","post","type-post","status-publish","format-standard","has-post-thumbnail","hentry","category-natureza","tag-ceara","tag-praias-no-ceara","tag-resort-de-luxo","tag-turismo","tag-turismo-sustentavel","article","has-excerpt","has-avatar","has-author","has-date","has-comment-count","has-category-meta","has-read-more","thumbnail-"],"yoast_head":"<!-- This site is optimized with the Yoast SEO plugin v26.0 - https:\/\/yoast.com\/wordpress\/plugins\/seo\/ -->\n<title>Turismo sustent\u00e1vel: ESG como pilar da Rede Carmel Hot\u00e9is - Blog Carmel<\/title>\n<meta name=\"description\" content=\"Descubra como a Rede Carmel Hot\u00e9is integra pr\u00e1ticas ESG \u00e0 hospitalidade, unindo sofistica\u00e7\u00e3o, responsabilidade e turismo sustent\u00e1vel.\" \/>\n<meta name=\"robots\" content=\"index, follow, max-snippet:-1, max-image-preview:large, max-video-preview:-1\" \/>\n<link rel=\"canonical\" href=\"https:\/\/carmelhoteis.com.br\/blog\/turismo-sustentavel-esg-como-pilar-da-rede-carmel-hoteis\/\" \/>\n<meta property=\"og:locale\" content=\"pt_BR\" \/>\n<meta property=\"og:type\" content=\"article\" \/>\n<meta property=\"og:title\" content=\"Turismo sustent\u00e1vel: ESG como pilar da Rede Carmel Hot\u00e9is - Blog Carmel\" \/>\n<meta property=\"og:description\" content=\"Descubra como a Rede Carmel Hot\u00e9is integra pr\u00e1ticas ESG \u00e0 hospitalidade, unindo sofistica\u00e7\u00e3o, responsabilidade e turismo sustent\u00e1vel.\" \/>\n<meta property=\"og:url\" content=\"https:\/\/carmelhoteis.com.br\/blog\/turismo-sustentavel-esg-como-pilar-da-rede-carmel-hoteis\/\" \/>\n<meta property=\"og:site_name\" content=\"Blog Carmel\" \/>\n<meta property=\"article:published_time\" content=\"2025-09-17T12:00:00+00:00\" \/>\n<meta property=\"og:image\" content=\"https:\/\/carmelhoteis.com.br\/blog\/wp-content\/uploads\/2025\/09\/MG_6894-scaled.jpg\" \/>\n\t<meta property=\"og:image:width\" content=\"2560\" \/>\n\t<meta property=\"og:image:height\" content=\"1707\" \/>\n\t<meta property=\"og:image:type\" content=\"image\/jpeg\" \/>\n<meta name=\"author\" content=\"Bruna Souza\" \/>\n<meta name=\"twitter:card\" content=\"summary_large_image\" \/>\n<meta name=\"twitter:label1\" content=\"Escrito por\" \/>\n\t<meta name=\"twitter:data1\" content=\"Bruna Souza\" \/>\n\t<meta name=\"twitter:label2\" content=\"Est. tempo de leitura\" \/>\n\t<meta name=\"twitter:data2\" content=\"5 minutos\" \/>\n<script type=\"application\/ld+json\" class=\"yoast-schema-graph\">{\"@context\":\"https:\/\/schema.org\",\"@graph\":[{\"@type\":\"Article\",\"@id\":\"https:\/\/carmelhoteis.com.br\/blog\/turismo-sustentavel-esg-como-pilar-da-rede-carmel-hoteis\/#article\",\"isPartOf\":{\"@id\":\"https:\/\/carmelhoteis.com.br\/blog\/turismo-sustentavel-esg-como-pilar-da-rede-carmel-hoteis\/\"},\"author\":{\"name\":\"Bruna Souza\",\"@id\":\"https:\/\/carmelhoteis.com.br\/blog\/#\/schema\/person\/ed0f292b2f530a274ca1a0ea8a46b223\"},\"headline\":\"Turismo sustent\u00e1vel: ESG como pilar da Rede Carmel Hot\u00e9is\",\"datePublished\":\"2025-09-17T12:00:00+00:00\",\"mainEntityOfPage\":{\"@id\":\"https:\/\/carmelhoteis.com.br\/blog\/turismo-sustentavel-esg-como-pilar-da-rede-carmel-hoteis\/\"},\"wordCount\":663,\"commentCount\":0,\"publisher\":{\"@id\":\"https:\/\/carmelhoteis.com.br\/blog\/#organization\"},\"image\":{\"@id\":\"https:\/\/carmelhoteis.com.br\/blog\/turismo-sustentavel-esg-como-pilar-da-rede-carmel-hoteis\/#primaryimage\"},\"thumbnailUrl\":\"https:\/\/carmelhoteis.com.br\/blog\/wp-content\/uploads\/2025\/09\/MG_6894-scaled.jpg\",\"keywords\":[\"Cear\u00e1\",\"praias no ceara\",\"resort de luxo\",\"turismo\",\"turismo sustent\u00e1vel\"],\"articleSection\":[\"Natureza\"],\"inLanguage\":\"pt-BR\",\"potentialAction\":[{\"@type\":\"CommentAction\",\"name\":\"Comment\",\"target\":[\"https:\/\/carmelhoteis.com.br\/blog\/turismo-sustentavel-esg-como-pilar-da-rede-carmel-hoteis\/#respond\"]}]},{\"@type\":\"WebPage\",\"@id\":\"https:\/\/carmelhoteis.com.br\/blog\/turismo-sustentavel-esg-como-pilar-da-rede-carmel-hoteis\/\",\"url\":\"https:\/\/carmelhoteis.com.br\/blog\/turismo-sustentavel-esg-como-pilar-da-rede-carmel-hoteis\/\",\"name\":\"Turismo sustent\u00e1vel: ESG como pilar da Rede Carmel Hot\u00e9is - Blog Carmel\",\"isPartOf\":{\"@id\":\"https:\/\/carmelhoteis.com.br\/blog\/#website\"},\"primaryImageOfPage\":{\"@id\":\"https:\/\/carmelhoteis.com.br\/blog\/turismo-sustentavel-esg-como-pilar-da-rede-carmel-hoteis\/#primaryimage\"},\"image\":{\"@id\":\"https:\/\/carmelhoteis.com.br\/blog\/turismo-sustentavel-esg-como-pilar-da-rede-carmel-hoteis\/#primaryimage\"},\"thumbnailUrl\":\"https:\/\/carmelhoteis.com.br\/blog\/wp-content\/uploads\/2025\/09\/MG_6894-scaled.jpg\",\"datePublished\":\"2025-09-17T12:00:00+00:00\",\"description\":\"Descubra como a Rede Carmel Hot\u00e9is integra pr\u00e1ticas ESG \u00e0 hospitalidade, unindo sofistica\u00e7\u00e3o, responsabilidade e turismo sustent\u00e1vel.\",\"inLanguage\":\"pt-BR\",\"potentialAction\":[{\"@type\":\"ReadAction\",\"target\":[\"https:\/\/carmelhoteis.com.br\/blog\/turismo-sustentavel-esg-como-pilar-da-rede-carmel-hoteis\/\"]}]},{\"@type\":\"ImageObject\",\"inLanguage\":\"pt-BR\",\"@id\":\"https:\/\/carmelhoteis.com.br\/blog\/turismo-sustentavel-esg-como-pilar-da-rede-carmel-hoteis\/#primaryimage\",\"url\":\"https:\/\/carmelhoteis.com.br\/blog\/wp-content\/uploads\/2025\/09\/MG_6894-scaled.jpg\",\"contentUrl\":\"https:\/\/carmelhoteis.com.br\/blog\/wp-content\/uploads\/2025\/09\/MG_6894-scaled.jpg\",\"width\":2560,\"height\":1707},{\"@type\":\"WebSite\",\"@id\":\"https:\/\/carmelhoteis.com.br\/blog\/#website\",\"url\":\"https:\/\/carmelhoteis.com.br\/blog\/\",\"name\":\"Blog Carmel\",\"description\":\"Surpreenda-se com os destinos da rede Carmel e conhe\u00e7a as paisagens mais encantadoras do Cear\u00e1\",\"publisher\":{\"@id\":\"https:\/\/carmelhoteis.com.br\/blog\/#organization\"},\"potentialAction\":[{\"@type\":\"SearchAction\",\"target\":{\"@type\":\"EntryPoint\",\"urlTemplate\":\"https:\/\/carmelhoteis.com.br\/blog\/?s={search_term_string}\"},\"query-input\":{\"@type\":\"PropertyValueSpecification\",\"valueRequired\":true,\"valueName\":\"search_term_string\"}}],\"inLanguage\":\"pt-BR\"},{\"@type\":\"Organization\",\"@id\":\"https:\/\/carmelhoteis.com.br\/blog\/#organization\",\"name\":\"Blog Carmel\",\"url\":\"https:\/\/carmelhoteis.com.br\/blog\/\",\"logo\":{\"@type\":\"ImageObject\",\"inLanguage\":\"pt-BR\",\"@id\":\"https:\/\/carmelhoteis.com.br\/blog\/#\/schema\/logo\/image\/\",\"url\":\"https:\/\/carmelhoteis.com.br\/blog\/wp-content\/uploads\/2025\/05\/CARMEL_LOGO-branco_COMPLETO_menor.png\",\"contentUrl\":\"https:\/\/carmelhoteis.com.br\/blog\/wp-content\/uploads\/2025\/05\/CARMEL_LOGO-branco_COMPLETO_menor.png\",\"width\":250,\"height\":87,\"caption\":\"Blog Carmel\"},\"image\":{\"@id\":\"https:\/\/carmelhoteis.com.br\/blog\/#\/schema\/logo\/image\/\"}},{\"@type\":\"Person\",\"@id\":\"https:\/\/carmelhoteis.com.br\/blog\/#\/schema\/person\/ed0f292b2f530a274ca1a0ea8a46b223\",\"name\":\"Bruna Souza\",\"image\":{\"@type\":\"ImageObject\",\"inLanguage\":\"pt-BR\",\"@id\":\"https:\/\/carmelhoteis.com.br\/blog\/#\/schema\/person\/image\/\",\"url\":\"https:\/\/secure.gravatar.com\/avatar\/55194c6c100ce38c826e349ab7d2b1cba3d3ae290367861ed1743aa42fc2a35a?s=96&d=mm&r=g\",\"contentUrl\":\"https:\/\/secure.gravatar.com\/avatar\/55194c6c100ce38c826e349ab7d2b1cba3d3ae290367861ed1743aa42fc2a35a?s=96&d=mm&r=g\",\"caption\":\"Bruna Souza\"},\"url\":\"https:\/\/carmelhoteis.com.br\/blog\/author\/bruna\/\"}]}<\/script>\n<!-- \/ Yoast SEO plugin. -->","yoast_head_json":{"title":"Turismo sustent\u00e1vel: ESG como pilar da Rede Carmel Hot\u00e9is - Blog Carmel","description":"Descubra como a Rede Carmel Hot\u00e9is integra pr\u00e1ticas ESG \u00e0 hospitalidade, unindo sofistica\u00e7\u00e3o, responsabilidade e turismo sustent\u00e1vel.","robots":{"index":"index","follow":"follow","max-snippet":"max-snippet:-1","max-image-preview":"max-image-preview:large","max-video-preview":"max-video-preview:-1"},"canonical":"https:\/\/carmelhoteis.com.br\/blog\/turismo-sustentavel-esg-como-pilar-da-rede-carmel-hoteis\/","og_locale":"pt_BR","og_type":"article","og_title":"Turismo sustent\u00e1vel: ESG como pilar da Rede Carmel Hot\u00e9is - Blog Carmel","og_description":"Descubra como a Rede Carmel Hot\u00e9is integra pr\u00e1ticas ESG \u00e0 hospitalidade, unindo sofistica\u00e7\u00e3o, responsabilidade e turismo sustent\u00e1vel.","og_url":"https:\/\/carmelhoteis.com.br\/blog\/turismo-sustentavel-esg-como-pilar-da-rede-carmel-hoteis\/","og_site_name":"Blog Carmel","article_published_time":"2025-09-17T12:00:00+00:00","og_image":[{"width":2560,"height":1707,"url":"https:\/\/carmelhoteis.com.br\/blog\/wp-content\/uploads\/2025\/09\/MG_6894-scaled.jpg","type":"image\/jpeg"}],"author":"Bruna Souza","twitter_card":"summary_large_image","twitter_misc":{"Escrito por":"Bruna Souza","Est. tempo de leitura":"5 minutos"},"schema":{"@context":"https:\/\/schema.org","@graph":[{"@type":"Article","@id":"https:\/\/carmelhoteis.com.br\/blog\/turismo-sustentavel-esg-como-pilar-da-rede-carmel-hoteis\/#article","isPartOf":{"@id":"https:\/\/carmelhoteis.com.br\/blog\/turismo-sustentavel-esg-como-pilar-da-rede-carmel-hoteis\/"},"author":{"name":"Bruna Souza","@id":"https:\/\/carmelhoteis.com.br\/blog\/#\/schema\/person\/ed0f292b2f530a274ca1a0ea8a46b223"},"headline":"Turismo sustent\u00e1vel: ESG como pilar da Rede Carmel Hot\u00e9is","datePublished":"2025-09-17T12:00:00+00:00","mainEntityOfPage":{"@id":"https:\/\/carmelhoteis.com.br\/blog\/turismo-sustentavel-esg-como-pilar-da-rede-carmel-hoteis\/"},"wordCount":663,"commentCount":0,"publisher":{"@id":"https:\/\/carmelhoteis.com.br\/blog\/#organization"},"image":{"@id":"https:\/\/carmelhoteis.com.br\/blog\/turismo-sustentavel-esg-como-pilar-da-rede-carmel-hoteis\/#primaryimage"},"thumbnailUrl":"https:\/\/carmelhoteis.com.br\/blog\/wp-content\/uploads\/2025\/09\/MG_6894-scaled.jpg","keywords":["Cear\u00e1","praias no ceara","resort de luxo","turismo","turismo sustent\u00e1vel"],"articleSection":["Natureza"],"inLanguage":"pt-BR","potentialAction":[{"@type":"CommentAction","name":"Comment","target":["https:\/\/carmelhoteis.com.br\/blog\/turismo-sustentavel-esg-como-pilar-da-rede-carmel-hoteis\/#respond"]}]},{"@type":"WebPage","@id":"https:\/\/carmelhoteis.com.br\/blog\/turismo-sustentavel-esg-como-pilar-da-rede-carmel-hoteis\/","url":"https:\/\/carmelhoteis.com.br\/blog\/turismo-sustentavel-esg-como-pilar-da-rede-carmel-hoteis\/","name":"Turismo sustent\u00e1vel: ESG como pilar da Rede Carmel Hot\u00e9is - Blog Carmel","isPartOf":{"@id":"https:\/\/carmelhoteis.com.br\/blog\/#website"},"primaryImageOfPage":{"@id":"https:\/\/carmelhoteis.com.br\/blog\/turismo-sustentavel-esg-como-pilar-da-rede-carmel-hoteis\/#primaryimage"},"image":{"@id":"https:\/\/carmelhoteis.com.br\/blog\/turismo-sustentavel-esg-como-pilar-da-rede-carmel-hoteis\/#primaryimage"},"thumbnailUrl":"https:\/\/carmelhoteis.com.br\/blog\/wp-content\/uploads\/2025\/09\/MG_6894-scaled.jpg","datePublished":"2025-09-17T12:00:00+00:00","description":"Descubra como a Rede Carmel Hot\u00e9is integra pr\u00e1ticas ESG \u00e0 hospitalidade, unindo sofistica\u00e7\u00e3o, responsabilidade e turismo sustent\u00e1vel.","inLanguage":"pt-BR","potentialAction":[{"@type":"ReadAction","target":["https:\/\/carmelhoteis.com.br\/blog\/turismo-sustentavel-esg-como-pilar-da-rede-carmel-hoteis\/"]}]},{"@type":"ImageObject","inLanguage":"pt-BR","@id":"https:\/\/carmelhoteis.com.br\/blog\/turismo-sustentavel-esg-como-pilar-da-rede-carmel-hoteis\/#primaryimage","url":"https:\/\/carmelhoteis.com.br\/blog\/wp-content\/uploads\/2025\/09\/MG_6894-scaled.jpg","contentUrl":"https:\/\/carmelhoteis.com.br\/blog\/wp-content\/uploads\/2025\/09\/MG_6894-scaled.jpg","width":2560,"height":1707},{"@type":"WebSite","@id":"https:\/\/carmelhoteis.com.br\/blog\/#website","url":"https:\/\/carmelhoteis.com.br\/blog\/","name":"Blog Carmel","description":"Surpreenda-se com os destinos da rede Carmel e conhe\u00e7a as paisagens mais encantadoras do Cear\u00e1","publisher":{"@id":"https:\/\/carmelhoteis.com.br\/blog\/#organization"},"potentialAction":[{"@type":"SearchAction","target":{"@type":"EntryPoint","urlTemplate":"https:\/\/carmelhoteis.com.br\/blog\/?s={search_term_string}"},"query-input":{"@type":"PropertyValueSpecification","valueRequired":true,"valueName":"search_term_string"}}],"inLanguage":"pt-BR"},{"@type":"Organization","@id":"https:\/\/carmelhoteis.com.br\/blog\/#organization","name":"Blog Carmel","url":"https:\/\/carmelhoteis.com.br\/blog\/","logo":{"@type":"ImageObject","inLanguage":"pt-BR","@id":"https:\/\/carmelhoteis.com.br\/blog\/#\/schema\/logo\/image\/","url":"https:\/\/carmelhoteis.com.br\/blog\/wp-content\/uploads\/2025\/05\/CARMEL_LOGO-branco_COMPLETO_menor.png","contentUrl":"https:\/\/carmelhoteis.com.br\/blog\/wp-content\/uploads\/2025\/05\/CARMEL_LOGO-branco_COMPLETO_menor.png","width":250,"height":87,"caption":"Blog Carmel"},"image":{"@id":"https:\/\/carmelhoteis.com.br\/blog\/#\/schema\/logo\/image\/"}},{"@type":"Person","@id":"https:\/\/carmelhoteis.com.br\/blog\/#\/schema\/person\/ed0f292b2f530a274ca1a0ea8a46b223","name":"Bruna Souza","image":{"@type":"ImageObject","inLanguage":"pt-BR","@id":"https:\/\/carmelhoteis.com.br\/blog\/#\/schema\/person\/image\/","url":"https:\/\/secure.gravatar.com\/avatar\/55194c6c100ce38c826e349ab7d2b1cba3d3ae290367861ed1743aa42fc2a35a?s=96&d=mm&r=g","contentUrl":"https:\/\/secure.gravatar.com\/avatar\/55194c6c100ce38c826e349ab7d2b1cba3d3ae290367861ed1743aa42fc2a35a?s=96&d=mm&r=g","caption":"Bruna Souza"},"url":"https:\/\/carmelhoteis.com.br\/blog\/author\/bruna\/"}]}},"_links":{"self":[{"href":"https:\/\/carmelhoteis.com.br\/blog\/wp-json\/wp\/v2\/posts\/2082","targetHints":{"allow":["GET"]}}],"collection":[{"href":"https:\/\/carmelhoteis.com.br\/blog\/wp-json\/wp\/v2\/posts"}],"about":[{"href":"https:\/\/carmelhoteis.com.br\/blog\/wp-json\/wp\/v2\/types\/post"}],"author":[{"embeddable":true,"href":"https:\/\/carmelhoteis.com.br\/blog\/wp-json\/wp\/v2\/users\/3"}],"replies":[{"embeddable":true,"href":"https:\/\/carmelhoteis.com.br\/blog\/wp-json\/wp\/v2\/comments?post=2082"}],"version-history":[{"count":2,"href":"https:\/\/carmelhoteis.com.br\/blog\/wp-json\/wp\/v2\/posts\/2082\/revisions"}],"predecessor-version":[{"id":2095,"href":"https:\/\/carmelhoteis.com.br\/blog\/wp-json\/wp\/v2\/posts\/2082\/revisions\/2095"}],"wp:featuredmedia":[{"embeddable":true,"href":"https:\/\/carmelhoteis.com.br\/blog\/wp-json\/wp\/v2\/media\/2083"}],"wp:attachment":[{"href":"https:\/\/carmelhoteis.com.br\/blog\/wp-json\/wp\/v2\/media?parent=2082"}],"wp:term":[{"taxonomy":"category","embeddable":true,"href":"https:\/\/carmelhoteis.com.br\/blog\/wp-json\/wp\/v2\/categories?post=2082"},{"taxonomy":"post_tag","embeddable":true,"href":"https:\/\/carmelhoteis.com.br\/blog\/wp-json\/wp\/v2\/tags?post=2082"}],"curies":[{"name":"wp","href":"https:\/\/api.w.org\/{rel}","templated":true}]}}